{"id":4498,"date":"2026-09-03T13:25:28","date_gmt":"2026-09-03T13:25:28","guid":{"rendered":"https:\/\/koloninarvika.se\/?p=4498"},"modified":"2026-09-03T14:18:57","modified_gmt":"2026-09-03T14:18:57","slug":"gustaf-johansson-dana","status":"publish","type":"post","link":"https:\/\/koloninarvika.se\/?p=4498","title":{"rendered":"Gustaf Johansson \/ DANA"},"content":{"rendered":"\n<p>Kolonins f\u00f6nstergalleri 19 sept\u201317 okt 2026<br>Vernissage och konstn\u00e4rssamtal med Staffan Jofjell l\u00f6r 19 sept kl 13\u201315<\/p>\n\n\n\n<figure class=\"wp-block-image size-large\"><a href=\"https:\/\/koloninarvika.se\/wp-content\/uploads\/2026\/09\/DANA_GustafJ_02-scaled.jpeg\"><img decoding=\"async\" loading=\"lazy\" width=\"731\" height=\"1024\" src=\"https:\/\/koloninarvika.se\/wp-content\/uploads\/2026\/09\/DANA_GustafJ_02-731x1024.jpeg\" alt=\"\" class=\"wp-image-4499\" srcset=\"https:\/\/koloninarvika.se\/wp-content\/uploads\/2026\/09\/DANA_GustafJ_02-731x1024.jpeg 731w, https:\/\/koloninarvika.se\/wp-content\/uploads\/2026\/09\/DANA_GustafJ_02-214x300.jpeg 214w, https:\/\/koloninarvika.se\/wp-content\/uploads\/2026\/09\/DANA_GustafJ_02-768x1075.jpeg 768w, https:\/\/koloninarvika.se\/wp-content\/uploads\/2026\/09\/DANA_GustafJ_02-1097x1536.jpeg 1097w, https:\/\/koloninarvika.se\/wp-content\/uploads\/2026\/09\/DANA_GustafJ_02-1463x2048.jpeg 1463w, https:\/\/koloninarvika.se\/wp-content\/uploads\/2026\/09\/DANA_GustafJ_02-scaled.jpeg 1829w\" sizes=\"(max-width: 731px) 100vw, 731px\" \/><\/a><\/figure>\n\n\n\n<p><em>Dana <\/em>handlar om Belgrad och dess inv\u00e5nare. Fotograferad under en fyra\u00e5rsperiod mot en kuliss av stadens brutalistiska arkitektur, skildrar arbetet relationen mellan individ och stad. Johansson har dokumenterat detta samspel genom ett utforskande av platsens milj\u00f6er, s\u00f6kandes efter de stunder d\u00e5 m\u00f6tet sker. <em>Dana <\/em>ger en personlig bild av Belgrad och st\u00e5r i direkt koppling till hans fascination f\u00f6r de till synes o\u00e4ndliga utrymmen och h\u00e4ndelser som formar v\u00e5r omv\u00e4rld.&nbsp;<\/p>\n\n\n\n<p>Gustaf Johansson (f. 1996, Karlstad) \u00e4r fotograf. Han har en konstn\u00e4rlig kandidatexamen i fotografi fr\u00e5n HDK-Valand. Hans praktik \u00e4r projektbaserad och kretsar ofta kring utforskandet av en specifik plats. Han arbetar fr\u00e4mst med analoga fotografiska tekniker, vars l\u00e5ngsamma process bidrar till en st\u00f6rre medvetenhet kring de fotografier han v\u00e4ljer att presentera.&nbsp;<\/p>\n\n\n\n<p>Utst\u00e4llningen arrangeras i samarbete med Konstfr\u00e4mjandet V\u00e4rmland. <\/p>\n","protected":false},"excerpt":{"rendered":"<p>Kolonins f\u00f6nstergalleri 19 sept\u201317 okt 2026Vernissage och konstn\u00e4rssamtal med Staffan Jofjell l\u00f6r 19 sept kl 13\u201315 Dana handlar om Belgrad och dess inv\u00e5nare. Fotograferad under en fyra\u00e5rsperiod mot en kuliss av stadens brutalistiska arkitektur, skildrar arbetet relationen mellan individ och &hellip; <a href=\"https:\/\/koloninarvika.se\/?p=4498\">Forts\u00e4tt l\u00e4sa <span class=\"meta-nav\">&rarr;<\/span><\/a><\/p>\n","protected":false},"author":1,"featured_media":0,"comment_status":"closed","ping_status":"closed","sticky":false,"template":"","format":"standard","meta":{"_mi_skip_tracking":false},"categories":[3,4],"tags":[],"_links":{"self":[{"href":"https:\/\/koloninarvika.se\/index.php?rest_route=\/wp\/v2\/posts\/4498"}],"collection":[{"href":"https:\/\/koloninarvika.se\/index.php?rest_route=\/wp\/v2\/posts"}],"about":[{"href":"https:\/\/koloninarvika.se\/index.php?rest_route=\/wp\/v2\/types\/post"}],"author":[{"embeddable":true,"href":"https:\/\/koloninarvika.se\/index.php?rest_route=\/wp\/v2\/users\/1"}],"replies":[{"embeddable":true,"href":"https:\/\/koloninarvika.se\/index.php?rest_route=%2Fwp%2Fv2%2Fcomments&post=4498"}],"version-history":[{"count":3,"href":"https:\/\/koloninarvika.se\/index.php?rest_route=\/wp\/v2\/posts\/4498\/revisions"}],"predecessor-version":[{"id":4502,"href":"https:\/\/koloninarvika.se\/index.php?rest_route=\/wp\/v2\/posts\/4498\/revisions\/4502"}],"wp:attachment":[{"href":"https:\/\/koloninarvika.se\/index.php?rest_route=%2Fwp%2Fv2%2Fmedia&parent=4498"}],"wp:term":[{"taxonomy":"category","embeddable":true,"href":"https:\/\/koloninarvika.se\/index.php?rest_route=%2Fwp%2Fv2%2Fcategories&post=4498"},{"taxonomy":"post_tag","embeddable":true,"href":"https:\/\/koloninarvika.se\/index.php?rest_route=%2Fwp%2Fv2%2Ftags&post=4498"}],"curies":[{"name":"wp","href":"https:\/\/api.w.org\/{rel}","templated":true}]}}